{"id":1030,"date":"2012-04-03T16:55:08","date_gmt":"2012-04-03T16:55:08","guid":{"rendered":"http:\/\/www.ctainternacionales.org\/?p=1030"},"modified":"2012-05-23T16:48:24","modified_gmt":"2012-05-23T16:48:24","slug":"declaracion-de-buenos-aires","status":"publish","type":"post","link":"https:\/\/ctainternacionales.org\/?p=1030","title":{"rendered":"Declaraci\u00f3n de Buenos Aires"},"content":{"rendered":"<p style=\"text-align: left;\">Bajo el t\u00edtulo \u00abCamino a Rio+20: Visi\u00f3n Pol\u00edtica de los Trabajadores sobre el desarrollo\u00bb concluy\u00f3 la doble jornada de trabajo para ir \u00abdel mundo posible al mundo necesario\u00bb.<!--more--><\/p>\n<p><em><strong>Bajo el t\u00edtulo \u00abCamino a Rio+20: Visi\u00f3n Pol\u00edtica de los Trabajadores sobre el desarrollo\u00bb concluy\u00f3 la doble jornada de trabajo para ir \u00abdel mundo posible al mundo necesario\u00bb.\u00a0<\/strong><\/em><\/p>\n<p>&nbsp;<\/p>\n<p>DECLARACION DE BUENOS AIRES<\/p>\n<p>&nbsp;<\/p>\n<p><em>Am\u00e9rica Latina es territorio en disputa. Donde los bienes comunes son codiciados y donde tambi\u00e9n la pobreza y las desigualdades se distribuyen en todo el continente.<\/em><\/p>\n<p><em>La intenci\u00f3n de recomponer el capitalismo global luego de la crisis, exacerba la perversidad del modelo productivo vigente, avanzando sobre los l\u00edmites ambientales, profundizando una l\u00f3gica de saqueo y empujando a la regi\u00f3n para mantenerla como proveedora de materias primas o productos semielaborados profundizando una especializaci\u00f3n que destruye la diversidad existente.<\/em><\/p>\n<p><em>La excusa de las m\u00faltiples crisis sirve de fundamento a los gobiernos y organismos internacionales para proponer incluir, en la esfera de las mercanc\u00edas, a lo que a\u00fan permanece fuera de ella: los bienes comunes \u2013 el aire, el agua, los ecosistemas \u2013 como mecanismos de salvataje de un mercado financiero que agot\u00f3 otras opciones de valorizaci\u00f3n.<\/em><\/p>\n<p><em>Mientras, este modelo de desarrollo impacta de forma espec\u00edfica en la vida de las y los trabajadores. En nuestra regi\u00f3n y en el mundo el creciente desempleo, la p\u00e9rdida de derechos y la presi\u00f3n por la flexibilizaci\u00f3n de las condiciones de trabajo son las formas m\u00e1s claras de la expresi\u00f3n de este impacto.<\/em><\/p>\n<p><em>Am\u00e9rica Latina es territorio en disputa porque aun posee en t\u00e9rminos relativos una diversidad biol\u00f3gica y de recursos naturales mucho mayor que otras regiones. Esto la ubica como un bot\u00edn apetecible para las empresas transnacionales que empujan este nuevo proceso de mercantilizaci\u00f3n y privatizaci\u00f3n, que ahora se extiende al conjunto de los territorios. Acompa\u00f1ado de injerencia militar externa, presencia de Estados extrarregionales que proponiendo programas de \u201cayuda humanitaria\u201d o \u201cprevenci\u00f3n en caso de cat\u00e1strofes\u201d justifican la construcci\u00f3n de instalaciones siempre en las cercan\u00edas de nuestros recursos.<\/em><\/p>\n<p><em>En el marco del proceso hacia la conferencia de R\u00edo + 20, que se plantea discutir la propuesta de econom\u00eda verde y la gobernanza mundial, se esconde bajo la alfombra el balance de los 20 a\u00f1os desde la conferencia de R\u00edo 92. M\u00e1s all\u00e1 del importante avance en la institucionalidad pol\u00edtica de las cuestiones ambientales (creaci\u00f3n de secretar\u00edas, ministerios, legislaci\u00f3n, etc), todos los indicadores muestran un profundo deterioro de las condiciones socioambientales al punto de poner en riesgo la superviviencia de la vida en el planeta. Frente a un diagn\u00f3stico compartido, se plantean como alternativas las mismas que en aquella \u00e9poca: mercantilizaci\u00f3n y finaciarizaci\u00f3n de la naturaleza y sus funciones, hoy bajo el nombre de Econom\u00eda Verde.<\/em><\/p>\n<p><em>Seguir modelos de desarrollo como los que siguieron los pa\u00edses centrales, implicar\u00eda un colapso ambiental. Esto indica que es urgente trabajar en la construcci\u00f3n de alternativas dise\u00f1adas desde la soberan\u00eda territorial, involucrando a los pueblos en las decisiones, con conciencia de la finitud de los recursos naturales y con la evidencia de que las pol\u00edticas de crecimiento no necesariamente garantizan la igualdad, la felicidad y la justicia social, sino que debemos explorar otros caminos, de desarrollo, producci\u00f3n y trabajo.<\/em><\/p>\n<p><em>Establecer un nuevo paradigma de sustentabilidad de la vida humana entendida como relaci\u00f3n din\u00e1mica y arm\u00f3nica entre humanidad y naturaleza, entre humanos y humanas. Esto requiere pensar el equilibrio entre producci\u00f3n y reproducci\u00f3n en que el cuidado de la vida humana este en el centro, y que sea compartido entre hombres y mujeres. El trabajo de las mujeres no debe ser una variable de ajuste para ocultar las injusticias promovidas por ese modelo.<\/em><\/p>\n<p><em>Las alternativas est\u00e1n en nuestro pueblo, en nuestra historia, en nuestras costumbres que debemos recuperar y revalorar. Sostener que la naturaleza no es una forma de capital sino un sujeto de derechos, revalorar las formas de producir tradicionales no significa volver al pasado sino recuperar una forma de relacionamiento que debilite el espacio de la econom\u00eda depredadora<\/em><\/p>\n<p><em>Rio +20 es un escenario donde esta disputa por la soberan\u00eda y la gesti\u00f3n de los recursos se traduce en negociaci\u00f3n internacional. Esto se da en el marco de un modelo de gobernanza mundial, caracterizado por la captura corporativa, que es funcional a los intereses de los sectores dominantes. Se hace necesario rediscutir los mecanismos y procesos de toma de decisi\u00f3n que garanticen que los responsables reales del deterioro de las condiciones de vida cumplan con sus obligaciones.<\/em><\/p>\n<p><em>Llamamos a movilizarnos durante la cumbre de Rio, para que no se rematen nuestros recursos y para que no se firme un acuerdo que permita recomponer al capitalismo global, a traves de la financiarizaci\u00f3n del clima, de la mercantilizaci\u00f3n de los bienes comunes de la humanidad y con la exclusi\u00f3n de los pueblos de las decisiones.<\/em><\/p>\n<p><em>Para redise\u00f1ar el rumbo del desarrollo es necesario llegar a acuerdos y construir confianzas, recuperar el esp\u00edritu del movimiento global, la solidaridad internacional de los trabajadores y trabajadoras, los conocimientos de los pueblos originarios y de las mujeres, para retomar la ofensiva de la construcci\u00f3n de alternativas y transitar del mundo posible al mundo necesario.<\/em><\/p>\n<p><em>No se trata s\u00f3lo de la cuesti\u00f3n ambiental, se trata de definir el futuro del planeta. Para definir el presente y el futuro son necesarias muchas voces, por eso desde Buenos Aires, convocamos a movilizarnos hacia la Cumbre de los Pueblos como una instancia de recomposici\u00f3n del movimiento global<\/em><\/p>\n<p><em>Es hora de la soberan\u00eda alimentaria, del buen vivir, de valorizar los saberes de los pueblos originarios y de las mujeres, de la garant\u00eda y la consolidaci\u00f3n de derechos, de la democracia participativa.<\/em><\/p>\n<p><em>Rio + 20 no es un punto de llegada. Asumimos el desaf\u00edo que nos coloca Rio+20 y que es un proceso que se dise\u00f1a para un nuevo ciclo de luchas, en el que no podemos delegar m\u00e1s para la construcci\u00f3n de ese mundo necesario.<\/em><\/p>\n<p>&nbsp;<\/p>\n<p>Buenos Aires, marzo 2012.-<\/p>\n<p><strong>Participaron en esta conferencia, movimientos sociales, centrales sindicales, acad\u00e9micos y representantes de gobiernos.<\/strong><\/p>\n","protected":false},"excerpt":{"rendered":"Bajo el t\u00edtulo \u00abCamino a Rio+20: Visi\u00f3n Pol\u00edtica de los Trabajadores sobre el desarrollo\u00bb concluy\u00f3 la doble jornada de trabajo para ir \u00abdel \n<a class=\"moretag\" href=\"https:\/\/ctainternacionales.org\/?p=1030\"> [...]<\/a>","protected":false},"author":1,"featured_media":0,"comment_status":"closed","ping_status":"closed","sticky":false,"template":"","format":"standard","meta":{"ngg_post_thumbnail":0,"footnotes":""},"categories":[],"tags":[],"class_list":["post-1030","post","type-post","status-publish","format-standard","hentry"],"_links":{"self":[{"href":"https:\/\/ctainternacionales.org\/index.php?rest_route=\/wp\/v2\/posts\/1030","targetHints":{"allow":["GET"]}}],"collection":[{"href":"https:\/\/ctainternacionales.org\/index.php?rest_route=\/wp\/v2\/posts"}],"about":[{"href":"https:\/\/ctainternacionales.org\/index.php?rest_route=\/wp\/v2\/types\/post"}],"author":[{"embeddable":true,"href":"https:\/\/ctainternacionales.org\/index.php?rest_route=\/wp\/v2\/users\/1"}],"replies":[{"embeddable":true,"href":"https:\/\/ctainternacionales.org\/index.php?rest_route=%2Fwp%2Fv2%2Fcomments&post=1030"}],"version-history":[{"count":4,"href":"https:\/\/ctainternacionales.org\/index.php?rest_route=\/wp\/v2\/posts\/1030\/revisions"}],"predecessor-version":[{"id":1034,"href":"https:\/\/ctainternacionales.org\/index.php?rest_route=\/wp\/v2\/posts\/1030\/revisions\/1034"}],"wp:attachment":[{"href":"https:\/\/ctainternacionales.org\/index.php?rest_route=%2Fwp%2Fv2%2Fmedia&parent=1030"}],"wp:term":[{"taxonomy":"category","embeddable":true,"href":"https:\/\/ctainternacionales.org\/index.php?rest_route=%2Fwp%2Fv2%2Fcategories&post=1030"},{"taxonomy":"post_tag","embeddable":true,"href":"https:\/\/ctainternacionales.org\/index.php?rest_route=%2Fwp%2Fv2%2Ftags&post=1030"}],"curies":[{"name":"wp","href":"https:\/\/api.w.org\/{rel}","templated":true}]}}