{"id":1025,"date":"2012-04-03T16:27:30","date_gmt":"2012-04-03T16:27:30","guid":{"rendered":"http:\/\/www.ctainternacionales.org\/?p=1025"},"modified":"2012-04-17T18:20:33","modified_gmt":"2012-04-17T18:20:33","slug":"todos-los-videos","status":"publish","type":"post","link":"https:\/\/ctainternacionales.org\/?p=1025","title":{"rendered":"Todos los videos"},"content":{"rendered":"<p>Acceda aqu\u00ed al registro f\u00edlmico de paneles y entrevistas sobre la conferencia internacional \u201cHacia R\u00edo+20: Visi\u00f3n pol\u00edtica de los trabajadores sobre el desarrollo\u201d, que cont\u00f3 con una masiva presencia durante la doble jornada.<!--more--><\/p>\n<p><em><strong>Acceda aqu\u00ed al registro f\u00edlmico de paneles y entrevistas sobre la conferencia internacional \u201cHacia R\u00edo+20: Visi\u00f3n pol\u00edtica de los trabajadores sobre el desarrollo\u201d.\u00a0<\/strong><\/em><\/p>\n<p>La jornada del mi\u00e9rcoles 28 y jueves 29 cont\u00f3 con la participaci\u00f3n de 412 personas de la Argentina, Am\u00e9rica latina, Europa y Africa unidos en la firme convicci\u00f3n de seguir luchando por un mundo donde quepan todas las culturas y todos los pueblos.<\/p>\n<p>Vea a continuaci\u00f3n a los testimonios de Pablo Micheli (CTA), Gonzalo Berr\u00f3n (CSA), Etiel Moraga (CUT Chile), Camile Charlmers (Hait\u00ed), Bernardo Rojas (CUT-A Paraguay), Juan Jos\u00e9 Gorriti (CGT Per\u00fa), Jos\u00e9 Leiva (OSMA-CTA) y Julio Fuentes (ATE-CTA).<\/p>\n<p>&nbsp;<\/p>\n<h3 style=\"text-align: center;\"><a href=\"http:\/\/www.youtube.com\/watch?feature=player_embedded&amp;v=7EAlBNYFBgs\" target=\"_blank\">Pablo Micheli<\/a><\/h3>\n<h3 style=\"text-align: center;\"><a href=\"http:\/\/www.youtube.com\/watch?feature=player_embedded&amp;v=NllCF9t6J_s\" target=\"_blank\">Gonzalo Berr\u00f3n<\/a><\/h3>\n<h3 style=\"text-align: center;\"><a href=\"http:\/\/www.youtube.com\/watch?feature=player_embedded&amp;v=RSsLWqnxHiY\" target=\"_blank\">Etiel Moraga<\/a><\/h3>\n<h3 style=\"text-align: center;\"><a href=\"http:\/\/www.youtube.com\/watch?feature=player_embedded&amp;v=kN6-27yyb6o\" target=\"_blank\">Camile Chalmers<\/a><\/h3>\n<h3 style=\"text-align: center;\"><a href=\"http:\/\/www.youtube.com\/watch?feature=player_embedded&amp;v=zb8Nhz47wMM\" target=\"_blank\">Bernardo Rojas<\/a><\/h3>\n<h3 style=\"text-align: center;\"><a href=\"http:\/\/www.youtube.com\/watch?feature=player_embedded&amp;v=8KEIbys4bZE\" target=\"_blank\">Juan Jos\u00e9 Gorriti<\/a><\/h3>\n<h3 style=\"text-align: center;\"><a href=\"http:\/\/www.youtube.com\/watch?feature=player_embedded&amp;v=YGfTqdGizEc\" target=\"_blank\">Jos\u00e9 Leiva<\/a><\/h3>\n<h3 style=\"text-align: center;\"><a href=\"http:\/\/www.youtube.com\/watch?feature=player_embedded&amp;v=vf5ehJ1oV9A\" target=\"_blank\">Julio Fuentes<\/a><\/h3>\n<p>&nbsp;<\/p>\n<p>(<em>03.04.2012<\/em>)<\/p>\n","protected":false},"excerpt":{"rendered":"Acceda aqu\u00ed al registro f\u00edlmico de paneles y entrevistas sobre la conferencia internacional \u201cHacia R\u00edo+20: Visi\u00f3n pol\u00edtica de los trabajadores sobre el desarrollo\u201d, \n<a class=\"moretag\" href=\"https:\/\/ctainternacionales.org\/?p=1025\"> [...]<\/a>","protected":false},"author":1,"featured_media":0,"comment_status":"closed","ping_status":"closed","sticky":false,"template":"","format":"standard","meta":{"ngg_post_thumbnail":0,"footnotes":""},"categories":[],"tags":[],"class_list":["post-1025","post","type-post","status-publish","format-standard","hentry"],"_links":{"self":[{"href":"https:\/\/ctainternacionales.org\/index.php?rest_route=\/wp\/v2\/posts\/1025","targetHints":{"allow":["GET"]}}],"collection":[{"href":"https:\/\/ctainternacionales.org\/index.php?rest_route=\/wp\/v2\/posts"}],"about":[{"href":"https:\/\/ctainternacionales.org\/index.php?rest_route=\/wp\/v2\/types\/post"}],"author":[{"embeddable":true,"href":"https:\/\/ctainternacionales.org\/index.php?rest_route=\/wp\/v2\/users\/1"}],"replies":[{"embeddable":true,"href":"https:\/\/ctainternacionales.org\/index.php?rest_route=%2Fwp%2Fv2%2Fcomments&post=1025"}],"version-history":[{"count":4,"href":"https:\/\/ctainternacionales.org\/index.php?rest_route=\/wp\/v2\/posts\/1025\/revisions"}],"predecessor-version":[{"id":1095,"href":"https:\/\/ctainternacionales.org\/index.php?rest_route=\/wp\/v2\/posts\/1025\/revisions\/1095"}],"wp:attachment":[{"href":"https:\/\/ctainternacionales.org\/index.php?rest_route=%2Fwp%2Fv2%2Fmedia&parent=1025"}],"wp:term":[{"taxonomy":"category","embeddable":true,"href":"https:\/\/ctainternacionales.org\/index.php?rest_route=%2Fwp%2Fv2%2Fcategories&post=1025"},{"taxonomy":"post_tag","embeddable":true,"href":"https:\/\/ctainternacionales.org\/index.php?rest_route=%2Fwp%2Fv2%2Ftags&post=1025"}],"curies":[{"name":"wp","href":"https:\/\/api.w.org\/{rel}","templated":true}]}}