{"id":1016,"date":"2012-03-30T14:24:19","date_gmt":"2012-03-30T14:24:19","guid":{"rendered":"http:\/\/www.ctainternacionales.org\/?p=1016"},"modified":"2012-04-12T18:30:06","modified_gmt":"2012-04-12T18:30:06","slug":"todas-las-voces","status":"publish","type":"post","link":"https:\/\/ctainternacionales.org\/?p=1016","title":{"rendered":"Todas las voces"},"content":{"rendered":"<p>Acceda aqu\u00ed al programa radial especial sobre la conferencia internacional \u00abHacia R\u00edo+20: Visi\u00f3n pol\u00edtica de los trabajadores sobre el desarrollo\u00bb, con la presencia de centrales sindicales, movimientos sociales y acad\u00e9micos.\u00a0<!--more--><\/p>\n<p><em><strong>Acceda aqu\u00ed al programa radial especial sobre la conferencia internacional \u00abHacia R\u00edo+20: Visi\u00f3n pol\u00edtica de los trabajadores sobre el desarrollo\u00bb, con la presencia de centrales sindicales, movimientos sociales y acad\u00e9micos.<\/strong><\/em><\/p>\n<p>La doble jornada de la conferencia internacional \u201cHac\u00eda R\u00edo+20: Visi\u00f3n pol\u00edtica de los trabajadores sobre el desarrollo\u201d, organizada por la Secretar\u00eda de Relaciones Internacionales de la Central de Trabajadores de la Argentina (CTA), finaliz\u00f3 ayer con la lectura de la \u201cDeclaraci\u00f3n de Buenos Aires\u201d y la convicci\u00f3n de que estos espacios de debates son imprescindibles para la lucha por la vida y la defensa de la naturaleza.<\/p>\n<p>La jornada del mi\u00e9rcoles 28 y jueves 29 cont\u00f3 con la participaci\u00f3n de 412 personas de la Argentina, Am\u00e9rica latina, Europa y Africa unidos en la firme convicci\u00f3n de seguir luchando por un mundo donde quepan todas las culturas y todos los pueblos.<\/p>\n<p>En la Declaraci\u00f3n de Buenos Aires se destac\u00f3 como imprescindible la fuerza organizada de los trabajadores y trabajadoras en la construcci\u00f3n de otro mundo posible, donde no se mercantilicen los recursos naturales ni la propia vida de los seres humanos.<\/p>\n<p>Para este encuentro <strong>ACTA<\/strong>, la agencia de noticias de la CTA, junto al portal <strong>CTA-Internacionales<\/strong>, produjo un programa radial especial de la conferencia internacional \u201cHac\u00eda R\u00edo+20: Visi\u00f3n pol\u00edtica de los trabajadores sobre el desarrollo\u201d.<\/p>\n<p>Compartimos los testimonios de:<\/p>\n<p>&#8211; <strong>Adolfo Aguirre<\/strong>, secretario de Relaciones Internacionales de la CTA<\/p>\n<p>&#8211; <strong>Pablo Bertinat<\/strong>, integrante de Programa Cono Sur Sustentable<\/p>\n<p>&#8211; <strong>Neilton Da Silva<\/strong>, asesor del Foro Brasile\u00f1o del Cambio Clim\u00e1tico<\/p>\n<p>&#8211; <strong>Ainhara Plazaola<\/strong>, responsable de Medio Ambiente de ELA del Pa\u00eds Vasco<\/p>\n<p>&#8211; <strong>Juan Jos\u00e9 Gorriti<\/strong>, Vicepresidente de la Confederaci\u00f3n General de Trabajadores del Per\u00fa<\/p>\n<p>&#8211; <strong>Jos\u00e9 Olvera<\/strong>, miembro de la Comisi\u00f3n Pol\u00edtica de la Uni\u00f3n Nacional de Trabajadores de M\u00e9xico<\/p>\n<p>&#8211; <strong>Bernardo Rojas<\/strong>, secretario general de la Central Unitaria de Trabajadores Aut\u00e9ntica de Paraguay<\/p>\n<p>&#8211; <strong>Camille Chalmers<\/strong>, profesor de Econom\u00eda de la Universidad de Hait\u00ed y miembro de Jubileo Sur<\/p>\n<p>&nbsp;<\/p>\n<h3 style=\"text-align: center;\"><a href=\"http:\/\/agenciacta.org\/IMG\/mp3\/CTA_NOTICIAS_28_ESPECIAL_HACIA_RIO_20.mp3\" target=\"_blank\">Esuche aqu\u00ed el programa radial especial de la conferencia<\/a><\/h3>\n<p>&nbsp;<\/p>\n<p>(<em>30.03.2012<\/em>)<\/p>\n","protected":false},"excerpt":{"rendered":"Acceda aqu\u00ed al programa radial especial sobre la conferencia internacional \u00abHacia R\u00edo+20: Visi\u00f3n pol\u00edtica de los trabajadores sobre el desarrollo\u00bb, con la presencia \n<a class=\"moretag\" href=\"https:\/\/ctainternacionales.org\/?p=1016\"> [...]<\/a>","protected":false},"author":1,"featured_media":0,"comment_status":"closed","ping_status":"closed","sticky":false,"template":"","format":"standard","meta":{"ngg_post_thumbnail":0,"footnotes":""},"categories":[],"tags":[],"class_list":["post-1016","post","type-post","status-publish","format-standard","hentry"],"_links":{"self":[{"href":"https:\/\/ctainternacionales.org\/index.php?rest_route=\/wp\/v2\/posts\/1016","targetHints":{"allow":["GET"]}}],"collection":[{"href":"https:\/\/ctainternacionales.org\/index.php?rest_route=\/wp\/v2\/posts"}],"about":[{"href":"https:\/\/ctainternacionales.org\/index.php?rest_route=\/wp\/v2\/types\/post"}],"author":[{"embeddable":true,"href":"https:\/\/ctainternacionales.org\/index.php?rest_route=\/wp\/v2\/users\/1"}],"replies":[{"embeddable":true,"href":"https:\/\/ctainternacionales.org\/index.php?rest_route=%2Fwp%2Fv2%2Fcomments&post=1016"}],"version-history":[{"count":2,"href":"https:\/\/ctainternacionales.org\/index.php?rest_route=\/wp\/v2\/posts\/1016\/revisions"}],"predecessor-version":[{"id":1066,"href":"https:\/\/ctainternacionales.org\/index.php?rest_route=\/wp\/v2\/posts\/1016\/revisions\/1066"}],"wp:attachment":[{"href":"https:\/\/ctainternacionales.org\/index.php?rest_route=%2Fwp%2Fv2%2Fmedia&parent=1016"}],"wp:term":[{"taxonomy":"category","embeddable":true,"href":"https:\/\/ctainternacionales.org\/index.php?rest_route=%2Fwp%2Fv2%2Fcategories&post=1016"},{"taxonomy":"post_tag","embeddable":true,"href":"https:\/\/ctainternacionales.org\/index.php?rest_route=%2Fwp%2Fv2%2Ftags&post=1016"}],"curies":[{"name":"wp","href":"https:\/\/api.w.org\/{rel}","templated":true}]}}